{"id":636,"date":"2020-02-14T12:29:17","date_gmt":"2020-02-14T11:29:17","guid":{"rendered":"https:\/\/cpcarcar.educacion.navarra.es\/web\/?p=636"},"modified":"2020-02-14T12:30:44","modified_gmt":"2020-02-14T11:30:44","slug":"juegos-en-el-patio","status":"publish","type":"post","link":"https:\/\/cpcarcar.educacion.navarra.es\/web\/blog\/2020\/02\/14\/juegos-en-el-patio\/","title":{"rendered":"JUEGOS EN EL PATIO"},"content":{"rendered":"<p>Durante la hora del recreo, hemos tenido la visita de la asociaci\u00f3n \u00abGazkalo\u00bb y los ni\u00f1os y ni\u00f1as se lo han pasado genial. Aqu\u00ed dejamos algunas fotos.<\/p>\n\n\n<figure class=\"wp-block-image size-large\"><img loading=\"lazy\" width=\"1024\" height=\"768\" src=\"https:\/\/cpcarcar.educacion.navarra.es\/web\/wp-content\/uploads\/2020\/02\/IMG_20200214_110238-1024x768.jpg\" alt=\"\" class=\"wp-image-652\" srcset=\"https:\/\/cpcarcar.educacion.navarra.es\/web\/wp-content\/uploads\/2020\/02\/IMG_20200214_110238-1024x768.jpg 1024w, https:\/\/cpcarcar.educacion.navarra.es\/web\/wp-content\/uploads\/2020\/02\/IMG_20200214_110238-300x225.jpg 300w, https:\/\/cpcarcar.educacion.navarra.es\/web\/wp-content\/uploads\/2020\/02\/IMG_20200214_110238-768x576.jpg 768w, https:\/\/cpcarcar.educacion.navarra.es\/web\/wp-content\/uploads\/2020\/02\/IMG_20200214_110238-1536x1152.jpg 1536w, https:\/\/cpcarcar.educacion.navarra.es\/web\/wp-content\/uploads\/2020\/02\/IMG_20200214_110238-2048x1536.jpg 2048w\" sizes=\"(max-width: 1024px) 100vw, 1024px\" \/><\/figure>\n\n\n\n<figure class=\"wp-block-image size-large\"><img loading=\"lazy\" width=\"1024\" height=\"768\" src=\"https:\/\/cpcarcar.educacion.navarra.es\/web\/wp-content\/uploads\/2020\/02\/IMG_20200214_110319-1-1024x768.jpg\" alt=\"\" class=\"wp-image-662\" srcset=\"https:\/\/cpcarcar.educacion.navarra.es\/web\/wp-content\/uploads\/2020\/02\/IMG_20200214_110319-1-1024x768.jpg 1024w, https:\/\/cpcarcar.educacion.navarra.es\/web\/wp-content\/uploads\/2020\/02\/IMG_20200214_110319-1-300x225.jpg 300w, https:\/\/cpcarcar.educacion.navarra.es\/web\/wp-content\/uploads\/2020\/02\/IMG_20200214_110319-1-768x576.jpg 768w, https:\/\/cpcarcar.educacion.navarra.es\/web\/wp-content\/uploads\/2020\/02\/IMG_20200214_110319-1-1536x1152.jpg 1536w, https:\/\/cpcarcar.educacion.navarra.es\/web\/wp-content\/uploads\/2020\/02\/IMG_20200214_110319-1-2048x1536.jpg 2048w\" sizes=\"(max-width: 1024px) 100vw, 1024px\" \/><\/figure>\n\n\n\n<figure class=\"wp-block-image size-large\"><img loading=\"lazy\" width=\"1024\" height=\"768\" src=\"https:\/\/cpcarcar.educacion.navarra.es\/web\/wp-content\/uploads\/2020\/02\/IMG_20200214_110314-1-1024x768.jpg\" alt=\"\" class=\"wp-image-663\" srcset=\"https:\/\/cpcarcar.educacion.navarra.es\/web\/wp-content\/uploads\/2020\/02\/IMG_20200214_110314-1-1024x768.jpg 1024w, https:\/\/cpcarcar.educacion.navarra.es\/web\/wp-content\/uploads\/2020\/02\/IMG_20200214_110314-1-300x225.jpg 300w, https:\/\/cpcarcar.educacion.navarra.es\/web\/wp-content\/uploads\/2020\/02\/IMG_20200214_110314-1-768x576.jpg 768w, https:\/\/cpcarcar.educacion.navarra.es\/web\/wp-content\/uploads\/2020\/02\/IMG_20200214_110314-1-1536x1152.jpg 1536w, https:\/\/cpcarcar.educacion.navarra.es\/web\/wp-content\/uploads\/2020\/02\/IMG_20200214_110314-1-2048x1536.jpg 2048w\" sizes=\"(max-width: 1024px) 100vw, 1024px\" \/><\/figure>\n\n\n\n<figure class=\"wp-block-image size-large\"><img loading=\"lazy\" width=\"1024\" height=\"768\" src=\"https:\/\/cpcarcar.educacion.navarra.es\/web\/wp-content\/uploads\/2020\/02\/IMG_20200214_110211-1-1024x768.jpg\" alt=\"\" class=\"wp-image-664\" srcset=\"https:\/\/cpcarcar.educacion.navarra.es\/web\/wp-content\/uploads\/2020\/02\/IMG_20200214_110211-1-1024x768.jpg 1024w, https:\/\/cpcarcar.educacion.navarra.es\/web\/wp-content\/uploads\/2020\/02\/IMG_20200214_110211-1-300x225.jpg 300w, https:\/\/cpcarcar.educacion.navarra.es\/web\/wp-content\/uploads\/2020\/02\/IMG_20200214_110211-1-768x576.jpg 768w, https:\/\/cpcarcar.educacion.navarra.es\/web\/wp-content\/uploads\/2020\/02\/IMG_20200214_110211-1-1536x1152.jpg 1536w, https:\/\/cpcarcar.educacion.navarra.es\/web\/wp-content\/uploads\/2020\/02\/IMG_20200214_110211-1-2048x1536.jpg 2048w\" sizes=\"(max-width: 1024px) 100vw, 1024px\" \/><\/figure>\n\n\n\n<figure class=\"wp-block-image size-large\"><img loading=\"lazy\" width=\"1024\" height=\"768\" src=\"https:\/\/cpcarcar.educacion.navarra.es\/web\/wp-content\/uploads\/2020\/02\/IMG_20200214_110304-1-1024x768.jpg\" alt=\"\" class=\"wp-image-668\" srcset=\"https:\/\/cpcarcar.educacion.navarra.es\/web\/wp-content\/uploads\/2020\/02\/IMG_20200214_110304-1-1024x768.jpg 1024w, https:\/\/cpcarcar.educacion.navarra.es\/web\/wp-content\/uploads\/2020\/02\/IMG_20200214_110304-1-300x225.jpg 300w, https:\/\/cpcarcar.educacion.navarra.es\/web\/wp-content\/uploads\/2020\/02\/IMG_20200214_110304-1-768x576.jpg 768w, https:\/\/cpcarcar.educacion.navarra.es\/web\/wp-content\/uploads\/2020\/02\/IMG_20200214_110304-1-1536x1152.jpg 1536w, https:\/\/cpcarcar.educacion.navarra.es\/web\/wp-content\/uploads\/2020\/02\/IMG_20200214_110304-1-2048x1536.jpg 2048w\" sizes=\"(max-width: 1024px) 100vw, 1024px\" \/><\/figure>\n","protected":false},"excerpt":{"rendered":"<p>Durante la hora del recreo, hemos tenido la visita de la asociaci\u00f3n \u00abGazkalo\u00bb y los ni\u00f1os y ni\u00f1as se lo han pasado genial. Aqu\u00ed dejamos algunas fotos.<\/p>\n","protected":false},"author":1,"featured_media":0,"comment_status":"open","ping_status":"open","sticky":false,"template":"","format":"standard","meta":{"_genesis_hide_title":false,"_genesis_hide_breadcrumbs":false,"_genesis_hide_singular_image":false,"_genesis_hide_footer_widgets":false,"_genesis_custom_body_class":"","_genesis_custom_post_class":"","_genesis_layout":""},"categories":[1],"tags":[],"_links":{"self":[{"href":"https:\/\/cpcarcar.educacion.navarra.es\/web\/wp-json\/wp\/v2\/posts\/636"}],"collection":[{"href":"https:\/\/cpcarcar.educacion.navarra.es\/web\/wp-json\/wp\/v2\/posts"}],"about":[{"href":"https:\/\/cpcarcar.educacion.navarra.es\/web\/wp-json\/wp\/v2\/types\/post"}],"author":[{"embeddable":true,"href":"https:\/\/cpcarcar.educacion.navarra.es\/web\/wp-json\/wp\/v2\/users\/1"}],"replies":[{"embeddable":true,"href":"https:\/\/cpcarcar.educacion.navarra.es\/web\/wp-json\/wp\/v2\/comments?post=636"}],"version-history":[{"count":3,"href":"https:\/\/cpcarcar.educacion.navarra.es\/web\/wp-json\/wp\/v2\/posts\/636\/revisions"}],"predecessor-version":[{"id":670,"href":"https:\/\/cpcarcar.educacion.navarra.es\/web\/wp-json\/wp\/v2\/posts\/636\/revisions\/670"}],"wp:attachment":[{"href":"https:\/\/cpcarcar.educacion.navarra.es\/web\/wp-json\/wp\/v2\/media?parent=636"}],"wp:term":[{"taxonomy":"category","embeddable":true,"href":"https:\/\/cpcarcar.educacion.navarra.es\/web\/wp-json\/wp\/v2\/categories?post=636"},{"taxonomy":"post_tag","embeddable":true,"href":"https:\/\/cpcarcar.educacion.navarra.es\/web\/wp-json\/wp\/v2\/tags?post=636"}],"curies":[{"name":"wp","href":"https:\/\/api.w.org\/{rel}","templated":true}]}}