{"id":527,"date":"2019-11-26T12:03:32","date_gmt":"2019-11-26T11:03:32","guid":{"rendered":"https:\/\/cpcarcar.educacion.navarra.es\/web\/?p=527"},"modified":"2019-11-28T13:11:22","modified_gmt":"2019-11-28T12:11:22","slug":"taller-de-frutas-2o-de-primaria","status":"publish","type":"post","link":"https:\/\/cpcarcar.educacion.navarra.es\/web\/blog\/2019\/11\/26\/taller-de-frutas-2o-de-primaria\/","title":{"rendered":"TALLER DE FRUTAS (Intantil y 2\u00ba de primaria)"},"content":{"rendered":"\n<p>El alumnado de 2\u00ba de primaria realiz\u00f3 esta figura tan chula con frutas. As\u00ed, est\u00e1n aprendiendo la importancia de comer fruta todos los d\u00edas. Tambi\u00e9n, los alumnos y alumnas de infantil est\u00e1n comiendo diferentes frutas en los almuerzos.<\/p>\n\n\n\n<figure class=\"wp-block-gallery columns-3 is-cropped\"><ul class=\"blocks-gallery-grid\"><li class=\"blocks-gallery-item\"><figure><img loading=\"lazy\" width=\"1024\" height=\"766\" src=\"https:\/\/cpcarcar.educacion.navarra.es\/web\/wp-content\/uploads\/2019\/11\/IMG-20191122-WA0004-1024x766.jpg\" alt=\"\" data-id=\"528\" data-link=\"https:\/\/cpcarcar.educacion.navarra.es\/web\/?attachment_id=528\" class=\"wp-image-528\" srcset=\"https:\/\/cpcarcar.educacion.navarra.es\/web\/wp-content\/uploads\/2019\/11\/IMG-20191122-WA0004-1024x766.jpg 1024w, https:\/\/cpcarcar.educacion.navarra.es\/web\/wp-content\/uploads\/2019\/11\/IMG-20191122-WA0004-300x224.jpg 300w, https:\/\/cpcarcar.educacion.navarra.es\/web\/wp-content\/uploads\/2019\/11\/IMG-20191122-WA0004-768x575.jpg 768w, https:\/\/cpcarcar.educacion.navarra.es\/web\/wp-content\/uploads\/2019\/11\/IMG-20191122-WA0004-1536x1149.jpg 1536w, https:\/\/cpcarcar.educacion.navarra.es\/web\/wp-content\/uploads\/2019\/11\/IMG-20191122-WA0004.jpg 2048w\" sizes=\"(max-width: 1024px) 100vw, 1024px\" \/><\/figure><\/li><li class=\"blocks-gallery-item\"><figure><img loading=\"lazy\" width=\"1024\" height=\"768\" src=\"https:\/\/cpcarcar.educacion.navarra.es\/web\/wp-content\/uploads\/2019\/11\/IMG-20191122-WA0005-1024x768.jpg\" alt=\"\" data-id=\"529\" data-link=\"https:\/\/cpcarcar.educacion.navarra.es\/web\/?attachment_id=529\" class=\"wp-image-529\" srcset=\"https:\/\/cpcarcar.educacion.navarra.es\/web\/wp-content\/uploads\/2019\/11\/IMG-20191122-WA0005-1024x768.jpg 1024w, https:\/\/cpcarcar.educacion.navarra.es\/web\/wp-content\/uploads\/2019\/11\/IMG-20191122-WA0005-300x225.jpg 300w, https:\/\/cpcarcar.educacion.navarra.es\/web\/wp-content\/uploads\/2019\/11\/IMG-20191122-WA0005-768x576.jpg 768w, https:\/\/cpcarcar.educacion.navarra.es\/web\/wp-content\/uploads\/2019\/11\/IMG-20191122-WA0005-1536x1152.jpg 1536w, https:\/\/cpcarcar.educacion.navarra.es\/web\/wp-content\/uploads\/2019\/11\/IMG-20191122-WA0005.jpg 2016w\" sizes=\"(max-width: 1024px) 100vw, 1024px\" \/><\/figure><\/li><li class=\"blocks-gallery-item\"><figure><img loading=\"lazy\" width=\"1024\" height=\"576\" src=\"https:\/\/cpcarcar.educacion.navarra.es\/web\/wp-content\/uploads\/2019\/11\/IMG-20191128-WA0006-2-1024x576.jpg\" alt=\"\" data-id=\"538\" data-link=\"https:\/\/cpcarcar.educacion.navarra.es\/web\/blog\/2019\/11\/26\/taller-de-frutas-2o-de-primaria\/img-20191128-wa0006-2\/\" class=\"wp-image-538\" srcset=\"https:\/\/cpcarcar.educacion.navarra.es\/web\/wp-content\/uploads\/2019\/11\/IMG-20191128-WA0006-2-1024x576.jpg 1024w, https:\/\/cpcarcar.educacion.navarra.es\/web\/wp-content\/uploads\/2019\/11\/IMG-20191128-WA0006-2-300x169.jpg 300w, https:\/\/cpcarcar.educacion.navarra.es\/web\/wp-content\/uploads\/2019\/11\/IMG-20191128-WA0006-2-768x432.jpg 768w, https:\/\/cpcarcar.educacion.navarra.es\/web\/wp-content\/uploads\/2019\/11\/IMG-20191128-WA0006-2-1536x864.jpg 1536w, https:\/\/cpcarcar.educacion.navarra.es\/web\/wp-content\/uploads\/2019\/11\/IMG-20191128-WA0006-2.jpg 2048w\" sizes=\"(max-width: 1024px) 100vw, 1024px\" \/><\/figure><\/li><li class=\"blocks-gallery-item\"><figure><img loading=\"lazy\" width=\"1024\" height=\"768\" src=\"https:\/\/cpcarcar.educacion.navarra.es\/web\/wp-content\/uploads\/2019\/11\/IMG-20191128-WA0007-1-1024x768.jpg\" alt=\"\" data-id=\"539\" data-link=\"https:\/\/cpcarcar.educacion.navarra.es\/web\/blog\/2019\/11\/26\/taller-de-frutas-2o-de-primaria\/img-20191128-wa0007-1\/\" class=\"wp-image-539\" srcset=\"https:\/\/cpcarcar.educacion.navarra.es\/web\/wp-content\/uploads\/2019\/11\/IMG-20191128-WA0007-1-1024x768.jpg 1024w, https:\/\/cpcarcar.educacion.navarra.es\/web\/wp-content\/uploads\/2019\/11\/IMG-20191128-WA0007-1-300x225.jpg 300w, https:\/\/cpcarcar.educacion.navarra.es\/web\/wp-content\/uploads\/2019\/11\/IMG-20191128-WA0007-1-768x576.jpg 768w, https:\/\/cpcarcar.educacion.navarra.es\/web\/wp-content\/uploads\/2019\/11\/IMG-20191128-WA0007-1-1536x1152.jpg 1536w, https:\/\/cpcarcar.educacion.navarra.es\/web\/wp-content\/uploads\/2019\/11\/IMG-20191128-WA0007-1.jpg 2048w\" sizes=\"(max-width: 1024px) 100vw, 1024px\" \/><\/figure><\/li><li class=\"blocks-gallery-item\"><figure><img loading=\"lazy\" width=\"1024\" height=\"576\" src=\"https:\/\/cpcarcar.educacion.navarra.es\/web\/wp-content\/uploads\/2019\/11\/IMG-20191128-WA0008-1-1024x576.jpg\" alt=\"\" data-id=\"540\" data-link=\"https:\/\/cpcarcar.educacion.navarra.es\/web\/blog\/2019\/11\/26\/taller-de-frutas-2o-de-primaria\/img-20191128-wa0008-1\/\" class=\"wp-image-540\" srcset=\"https:\/\/cpcarcar.educacion.navarra.es\/web\/wp-content\/uploads\/2019\/11\/IMG-20191128-WA0008-1-1024x576.jpg 1024w, https:\/\/cpcarcar.educacion.navarra.es\/web\/wp-content\/uploads\/2019\/11\/IMG-20191128-WA0008-1-300x169.jpg 300w, https:\/\/cpcarcar.educacion.navarra.es\/web\/wp-content\/uploads\/2019\/11\/IMG-20191128-WA0008-1-768x432.jpg 768w, https:\/\/cpcarcar.educacion.navarra.es\/web\/wp-content\/uploads\/2019\/11\/IMG-20191128-WA0008-1-1536x864.jpg 1536w, https:\/\/cpcarcar.educacion.navarra.es\/web\/wp-content\/uploads\/2019\/11\/IMG-20191128-WA0008-1.jpg 2048w\" sizes=\"(max-width: 1024px) 100vw, 1024px\" \/><\/figure><\/li><li class=\"blocks-gallery-item\"><figure><img loading=\"lazy\" width=\"1024\" height=\"576\" src=\"https:\/\/cpcarcar.educacion.navarra.es\/web\/wp-content\/uploads\/2019\/11\/IMG-20191128-WA0009-1-1024x576.jpg\" alt=\"\" data-id=\"541\" data-full-url=\"https:\/\/cpcarcar.educacion.navarra.es\/web\/wp-content\/uploads\/2019\/11\/IMG-20191128-WA0009-1.jpg\" data-link=\"https:\/\/cpcarcar.educacion.navarra.es\/web\/blog\/2019\/11\/26\/taller-de-frutas-2o-de-primaria\/img-20191128-wa0009-1\/\" class=\"wp-image-541\" srcset=\"https:\/\/cpcarcar.educacion.navarra.es\/web\/wp-content\/uploads\/2019\/11\/IMG-20191128-WA0009-1-1024x576.jpg 1024w, https:\/\/cpcarcar.educacion.navarra.es\/web\/wp-content\/uploads\/2019\/11\/IMG-20191128-WA0009-1-300x169.jpg 300w, https:\/\/cpcarcar.educacion.navarra.es\/web\/wp-content\/uploads\/2019\/11\/IMG-20191128-WA0009-1-768x432.jpg 768w, https:\/\/cpcarcar.educacion.navarra.es\/web\/wp-content\/uploads\/2019\/11\/IMG-20191128-WA0009-1-1536x864.jpg 1536w, https:\/\/cpcarcar.educacion.navarra.es\/web\/wp-content\/uploads\/2019\/11\/IMG-20191128-WA0009-1.jpg 2048w\" sizes=\"(max-width: 1024px) 100vw, 1024px\" \/><\/figure><\/li><\/ul><\/figure>\n\n\n\n<figure class=\"wp-block-image\"><img alt=\"\"\/><\/figure>\n","protected":false},"excerpt":{"rendered":"<p>El alumnado de 2\u00ba de primaria realiz\u00f3 esta figura tan chula con frutas. As\u00ed, est\u00e1n aprendiendo la importancia de comer fruta todos los d\u00edas. Tambi\u00e9n, los alumnos y alumnas de infantil est\u00e1n comiendo diferentes frutas en los almuerzos.<\/p>\n","protected":false},"author":1,"featured_media":0,"comment_status":"open","ping_status":"open","sticky":false,"template":"","format":"standard","meta":{"_genesis_hide_title":false,"_genesis_hide_breadcrumbs":false,"_genesis_hide_singular_image":false,"_genesis_hide_footer_widgets":false,"_genesis_custom_body_class":"","_genesis_custom_post_class":"","_genesis_layout":""},"categories":[1],"tags":[],"_links":{"self":[{"href":"https:\/\/cpcarcar.educacion.navarra.es\/web\/wp-json\/wp\/v2\/posts\/527"}],"collection":[{"href":"https:\/\/cpcarcar.educacion.navarra.es\/web\/wp-json\/wp\/v2\/posts"}],"about":[{"href":"https:\/\/cpcarcar.educacion.navarra.es\/web\/wp-json\/wp\/v2\/types\/post"}],"author":[{"embeddable":true,"href":"https:\/\/cpcarcar.educacion.navarra.es\/web\/wp-json\/wp\/v2\/users\/1"}],"replies":[{"embeddable":true,"href":"https:\/\/cpcarcar.educacion.navarra.es\/web\/wp-json\/wp\/v2\/comments?post=527"}],"version-history":[{"count":2,"href":"https:\/\/cpcarcar.educacion.navarra.es\/web\/wp-json\/wp\/v2\/posts\/527\/revisions"}],"predecessor-version":[{"id":542,"href":"https:\/\/cpcarcar.educacion.navarra.es\/web\/wp-json\/wp\/v2\/posts\/527\/revisions\/542"}],"wp:attachment":[{"href":"https:\/\/cpcarcar.educacion.navarra.es\/web\/wp-json\/wp\/v2\/media?parent=527"}],"wp:term":[{"taxonomy":"category","embeddable":true,"href":"https:\/\/cpcarcar.educacion.navarra.es\/web\/wp-json\/wp\/v2\/categories?post=527"},{"taxonomy":"post_tag","embeddable":true,"href":"https:\/\/cpcarcar.educacion.navarra.es\/web\/wp-json\/wp\/v2\/tags?post=527"}],"curies":[{"name":"wp","href":"https:\/\/api.w.org\/{rel}","templated":true}]}}