{"id":513,"date":"2019-11-26T11:56:14","date_gmt":"2019-11-26T10:56:14","guid":{"rendered":"https:\/\/cpcarcar.educacion.navarra.es\/web\/?p=513"},"modified":"2019-11-26T11:56:15","modified_gmt":"2019-11-26T10:56:15","slug":"santa-cecilia-22-de-noviembre","status":"publish","type":"post","link":"https:\/\/cpcarcar.educacion.navarra.es\/web\/blog\/2019\/11\/26\/santa-cecilia-22-de-noviembre\/","title":{"rendered":"SANTA CECILIA (22 DE NOVIEMBRE)"},"content":{"rendered":"\n<p>El pasado viernes, d\u00eda 22 de noviembre, el alumnado del Colegio \u00abV\u00edrgen de Gracia\u00bb de C\u00e1rcar, sali\u00f3 al patio del cole para celebrar Santa Cecilia. Todos juntos, cantaron la canci\u00f3n \u00abOigo m\u00fasica\u00bb de M-Clan, alrededor de algunos instrumentos musicales.<\/p>\n\n\n\n<figure class=\"wp-block-gallery columns-3 is-cropped\"><ul class=\"blocks-gallery-grid\"><li class=\"blocks-gallery-item\"><figure><img loading=\"lazy\" width=\"1024\" height=\"768\" src=\"https:\/\/cpcarcar.educacion.navarra.es\/web\/wp-content\/uploads\/2019\/11\/IMG-20191125-WA0014-1024x768.jpg\" alt=\"\" data-id=\"514\" data-link=\"https:\/\/cpcarcar.educacion.navarra.es\/web\/?attachment_id=514\" class=\"wp-image-514\" srcset=\"https:\/\/cpcarcar.educacion.navarra.es\/web\/wp-content\/uploads\/2019\/11\/IMG-20191125-WA0014-1024x768.jpg 1024w, https:\/\/cpcarcar.educacion.navarra.es\/web\/wp-content\/uploads\/2019\/11\/IMG-20191125-WA0014-300x225.jpg 300w, https:\/\/cpcarcar.educacion.navarra.es\/web\/wp-content\/uploads\/2019\/11\/IMG-20191125-WA0014-768x576.jpg 768w, https:\/\/cpcarcar.educacion.navarra.es\/web\/wp-content\/uploads\/2019\/11\/IMG-20191125-WA0014-1536x1152.jpg 1536w, https:\/\/cpcarcar.educacion.navarra.es\/web\/wp-content\/uploads\/2019\/11\/IMG-20191125-WA0014.jpg 2048w\" sizes=\"(max-width: 1024px) 100vw, 1024px\" \/><\/figure><\/li><li class=\"blocks-gallery-item\"><figure><img loading=\"lazy\" width=\"1024\" height=\"768\" src=\"https:\/\/cpcarcar.educacion.navarra.es\/web\/wp-content\/uploads\/2019\/11\/IMG-20191125-WA0009-1024x768.jpg\" alt=\"\" data-id=\"515\" data-link=\"https:\/\/cpcarcar.educacion.navarra.es\/web\/?attachment_id=515\" class=\"wp-image-515\" srcset=\"https:\/\/cpcarcar.educacion.navarra.es\/web\/wp-content\/uploads\/2019\/11\/IMG-20191125-WA0009-1024x768.jpg 1024w, https:\/\/cpcarcar.educacion.navarra.es\/web\/wp-content\/uploads\/2019\/11\/IMG-20191125-WA0009-300x225.jpg 300w, https:\/\/cpcarcar.educacion.navarra.es\/web\/wp-content\/uploads\/2019\/11\/IMG-20191125-WA0009-768x576.jpg 768w, https:\/\/cpcarcar.educacion.navarra.es\/web\/wp-content\/uploads\/2019\/11\/IMG-20191125-WA0009-1536x1152.jpg 1536w, https:\/\/cpcarcar.educacion.navarra.es\/web\/wp-content\/uploads\/2019\/11\/IMG-20191125-WA0009.jpg 2048w\" sizes=\"(max-width: 1024px) 100vw, 1024px\" \/><\/figure><\/li><li class=\"blocks-gallery-item\"><figure><img loading=\"lazy\" width=\"1024\" height=\"768\" src=\"https:\/\/cpcarcar.educacion.navarra.es\/web\/wp-content\/uploads\/2019\/11\/IMG-20191125-WA0010-1024x768.jpg\" alt=\"\" data-id=\"516\" data-link=\"https:\/\/cpcarcar.educacion.navarra.es\/web\/?attachment_id=516\" class=\"wp-image-516\" srcset=\"https:\/\/cpcarcar.educacion.navarra.es\/web\/wp-content\/uploads\/2019\/11\/IMG-20191125-WA0010-1024x768.jpg 1024w, https:\/\/cpcarcar.educacion.navarra.es\/web\/wp-content\/uploads\/2019\/11\/IMG-20191125-WA0010-300x225.jpg 300w, https:\/\/cpcarcar.educacion.navarra.es\/web\/wp-content\/uploads\/2019\/11\/IMG-20191125-WA0010-768x576.jpg 768w, https:\/\/cpcarcar.educacion.navarra.es\/web\/wp-content\/uploads\/2019\/11\/IMG-20191125-WA0010-1536x1152.jpg 1536w, https:\/\/cpcarcar.educacion.navarra.es\/web\/wp-content\/uploads\/2019\/11\/IMG-20191125-WA0010.jpg 2048w\" sizes=\"(max-width: 1024px) 100vw, 1024px\" \/><\/figure><\/li><li class=\"blocks-gallery-item\"><figure><img loading=\"lazy\" width=\"1024\" height=\"768\" src=\"https:\/\/cpcarcar.educacion.navarra.es\/web\/wp-content\/uploads\/2019\/11\/IMG-20191125-WA0011-1024x768.jpg\" alt=\"\" data-id=\"517\" data-link=\"https:\/\/cpcarcar.educacion.navarra.es\/web\/?attachment_id=517\" class=\"wp-image-517\" srcset=\"https:\/\/cpcarcar.educacion.navarra.es\/web\/wp-content\/uploads\/2019\/11\/IMG-20191125-WA0011-1024x768.jpg 1024w, https:\/\/cpcarcar.educacion.navarra.es\/web\/wp-content\/uploads\/2019\/11\/IMG-20191125-WA0011-300x225.jpg 300w, https:\/\/cpcarcar.educacion.navarra.es\/web\/wp-content\/uploads\/2019\/11\/IMG-20191125-WA0011-768x576.jpg 768w, https:\/\/cpcarcar.educacion.navarra.es\/web\/wp-content\/uploads\/2019\/11\/IMG-20191125-WA0011-1536x1152.jpg 1536w, https:\/\/cpcarcar.educacion.navarra.es\/web\/wp-content\/uploads\/2019\/11\/IMG-20191125-WA0011.jpg 2048w\" sizes=\"(max-width: 1024px) 100vw, 1024px\" \/><\/figure><\/li><li class=\"blocks-gallery-item\"><figure><img loading=\"lazy\" width=\"1024\" height=\"768\" src=\"https:\/\/cpcarcar.educacion.navarra.es\/web\/wp-content\/uploads\/2019\/11\/IMG-20191125-WA0012-1024x768.jpg\" alt=\"\" data-id=\"518\" data-link=\"https:\/\/cpcarcar.educacion.navarra.es\/web\/?attachment_id=518\" class=\"wp-image-518\" srcset=\"https:\/\/cpcarcar.educacion.navarra.es\/web\/wp-content\/uploads\/2019\/11\/IMG-20191125-WA0012-1024x768.jpg 1024w, https:\/\/cpcarcar.educacion.navarra.es\/web\/wp-content\/uploads\/2019\/11\/IMG-20191125-WA0012-300x225.jpg 300w, https:\/\/cpcarcar.educacion.navarra.es\/web\/wp-content\/uploads\/2019\/11\/IMG-20191125-WA0012-768x576.jpg 768w, https:\/\/cpcarcar.educacion.navarra.es\/web\/wp-content\/uploads\/2019\/11\/IMG-20191125-WA0012-1536x1152.jpg 1536w, https:\/\/cpcarcar.educacion.navarra.es\/web\/wp-content\/uploads\/2019\/11\/IMG-20191125-WA0012.jpg 2048w\" sizes=\"(max-width: 1024px) 100vw, 1024px\" \/><\/figure><\/li><li class=\"blocks-gallery-item\"><figure><img loading=\"lazy\" width=\"1024\" height=\"768\" src=\"https:\/\/cpcarcar.educacion.navarra.es\/web\/wp-content\/uploads\/2019\/11\/IMG-20191125-WA0017-1024x768.jpg\" alt=\"\" data-id=\"520\" data-link=\"https:\/\/cpcarcar.educacion.navarra.es\/web\/?attachment_id=520\" class=\"wp-image-520\" srcset=\"https:\/\/cpcarcar.educacion.navarra.es\/web\/wp-content\/uploads\/2019\/11\/IMG-20191125-WA0017-1024x768.jpg 1024w, https:\/\/cpcarcar.educacion.navarra.es\/web\/wp-content\/uploads\/2019\/11\/IMG-20191125-WA0017-300x225.jpg 300w, https:\/\/cpcarcar.educacion.navarra.es\/web\/wp-content\/uploads\/2019\/11\/IMG-20191125-WA0017-768x576.jpg 768w, https:\/\/cpcarcar.educacion.navarra.es\/web\/wp-content\/uploads\/2019\/11\/IMG-20191125-WA0017-1536x1152.jpg 1536w, https:\/\/cpcarcar.educacion.navarra.es\/web\/wp-content\/uploads\/2019\/11\/IMG-20191125-WA0017.jpg 2048w\" sizes=\"(max-width: 1024px) 100vw, 1024px\" \/><\/figure><\/li><li class=\"blocks-gallery-item\"><figure><img loading=\"lazy\" width=\"1024\" height=\"768\" src=\"https:\/\/cpcarcar.educacion.navarra.es\/web\/wp-content\/uploads\/2019\/11\/IMG-20191125-WA0018-1024x768.jpg\" alt=\"\" data-id=\"521\" data-link=\"https:\/\/cpcarcar.educacion.navarra.es\/web\/?attachment_id=521\" class=\"wp-image-521\" srcset=\"https:\/\/cpcarcar.educacion.navarra.es\/web\/wp-content\/uploads\/2019\/11\/IMG-20191125-WA0018-1024x768.jpg 1024w, https:\/\/cpcarcar.educacion.navarra.es\/web\/wp-content\/uploads\/2019\/11\/IMG-20191125-WA0018-300x225.jpg 300w, https:\/\/cpcarcar.educacion.navarra.es\/web\/wp-content\/uploads\/2019\/11\/IMG-20191125-WA0018-768x576.jpg 768w, https:\/\/cpcarcar.educacion.navarra.es\/web\/wp-content\/uploads\/2019\/11\/IMG-20191125-WA0018-1536x1152.jpg 1536w, https:\/\/cpcarcar.educacion.navarra.es\/web\/wp-content\/uploads\/2019\/11\/IMG-20191125-WA0018.jpg 2048w\" sizes=\"(max-width: 1024px) 100vw, 1024px\" \/><\/figure><\/li><li class=\"blocks-gallery-item\"><figure><img loading=\"lazy\" width=\"1024\" height=\"768\" src=\"https:\/\/cpcarcar.educacion.navarra.es\/web\/wp-content\/uploads\/2019\/11\/IMG-20191125-WA0019-1024x768.jpg\" alt=\"\" data-id=\"522\" data-link=\"https:\/\/cpcarcar.educacion.navarra.es\/web\/?attachment_id=522\" class=\"wp-image-522\" srcset=\"https:\/\/cpcarcar.educacion.navarra.es\/web\/wp-content\/uploads\/2019\/11\/IMG-20191125-WA0019-1024x768.jpg 1024w, https:\/\/cpcarcar.educacion.navarra.es\/web\/wp-content\/uploads\/2019\/11\/IMG-20191125-WA0019-300x225.jpg 300w, https:\/\/cpcarcar.educacion.navarra.es\/web\/wp-content\/uploads\/2019\/11\/IMG-20191125-WA0019-768x576.jpg 768w, https:\/\/cpcarcar.educacion.navarra.es\/web\/wp-content\/uploads\/2019\/11\/IMG-20191125-WA0019-1536x1152.jpg 1536w, https:\/\/cpcarcar.educacion.navarra.es\/web\/wp-content\/uploads\/2019\/11\/IMG-20191125-WA0019.jpg 2048w\" sizes=\"(max-width: 1024px) 100vw, 1024px\" \/><\/figure><\/li><li class=\"blocks-gallery-item\"><figure><img loading=\"lazy\" width=\"1024\" height=\"768\" src=\"https:\/\/cpcarcar.educacion.navarra.es\/web\/wp-content\/uploads\/2019\/11\/IMG-20191125-WA0020-1024x768.jpg\" alt=\"\" data-id=\"523\" data-full-url=\"https:\/\/cpcarcar.educacion.navarra.es\/web\/wp-content\/uploads\/2019\/11\/IMG-20191125-WA0020.jpg\" data-link=\"https:\/\/cpcarcar.educacion.navarra.es\/web\/?attachment_id=523\" class=\"wp-image-523\" srcset=\"https:\/\/cpcarcar.educacion.navarra.es\/web\/wp-content\/uploads\/2019\/11\/IMG-20191125-WA0020-1024x768.jpg 1024w, https:\/\/cpcarcar.educacion.navarra.es\/web\/wp-content\/uploads\/2019\/11\/IMG-20191125-WA0020-300x225.jpg 300w, https:\/\/cpcarcar.educacion.navarra.es\/web\/wp-content\/uploads\/2019\/11\/IMG-20191125-WA0020-768x576.jpg 768w, https:\/\/cpcarcar.educacion.navarra.es\/web\/wp-content\/uploads\/2019\/11\/IMG-20191125-WA0020-1536x1152.jpg 1536w, https:\/\/cpcarcar.educacion.navarra.es\/web\/wp-content\/uploads\/2019\/11\/IMG-20191125-WA0020.jpg 2048w\" sizes=\"(max-width: 1024px) 100vw, 1024px\" \/><\/figure><\/li><\/ul><\/figure>\n\n\n\n<figure class=\"wp-block-gallery columns-2 is-cropped\"><ul class=\"blocks-gallery-grid\"><li class=\"blocks-gallery-item\"><figure><img loading=\"lazy\" width=\"1024\" height=\"768\" src=\"https:\/\/cpcarcar.educacion.navarra.es\/web\/wp-content\/uploads\/2019\/11\/IMG-20191125-WA0021-1024x768.jpg\" alt=\"\" data-id=\"524\" data-link=\"https:\/\/cpcarcar.educacion.navarra.es\/web\/?attachment_id=524\" class=\"wp-image-524\" srcset=\"https:\/\/cpcarcar.educacion.navarra.es\/web\/wp-content\/uploads\/2019\/11\/IMG-20191125-WA0021-1024x768.jpg 1024w, https:\/\/cpcarcar.educacion.navarra.es\/web\/wp-content\/uploads\/2019\/11\/IMG-20191125-WA0021-300x225.jpg 300w, https:\/\/cpcarcar.educacion.navarra.es\/web\/wp-content\/uploads\/2019\/11\/IMG-20191125-WA0021-768x576.jpg 768w, https:\/\/cpcarcar.educacion.navarra.es\/web\/wp-content\/uploads\/2019\/11\/IMG-20191125-WA0021-1536x1152.jpg 1536w, https:\/\/cpcarcar.educacion.navarra.es\/web\/wp-content\/uploads\/2019\/11\/IMG-20191125-WA0021.jpg 2048w\" sizes=\"(max-width: 1024px) 100vw, 1024px\" \/><\/figure><\/li><li class=\"blocks-gallery-item\"><figure><img loading=\"lazy\" width=\"1024\" height=\"768\" src=\"https:\/\/cpcarcar.educacion.navarra.es\/web\/wp-content\/uploads\/2019\/11\/IMG-20191125-WA0026-1024x768.jpg\" alt=\"\" data-id=\"525\" data-full-url=\"https:\/\/cpcarcar.educacion.navarra.es\/web\/wp-content\/uploads\/2019\/11\/IMG-20191125-WA0026.jpg\" data-link=\"https:\/\/cpcarcar.educacion.navarra.es\/web\/?attachment_id=525\" class=\"wp-image-525\" srcset=\"https:\/\/cpcarcar.educacion.navarra.es\/web\/wp-content\/uploads\/2019\/11\/IMG-20191125-WA0026-1024x768.jpg 1024w, https:\/\/cpcarcar.educacion.navarra.es\/web\/wp-content\/uploads\/2019\/11\/IMG-20191125-WA0026-300x225.jpg 300w, https:\/\/cpcarcar.educacion.navarra.es\/web\/wp-content\/uploads\/2019\/11\/IMG-20191125-WA0026-768x576.jpg 768w, https:\/\/cpcarcar.educacion.navarra.es\/web\/wp-content\/uploads\/2019\/11\/IMG-20191125-WA0026-1536x1152.jpg 1536w, https:\/\/cpcarcar.educacion.navarra.es\/web\/wp-content\/uploads\/2019\/11\/IMG-20191125-WA0026.jpg 2048w\" sizes=\"(max-width: 1024px) 100vw, 1024px\" \/><\/figure><\/li><\/ul><\/figure>\n\n\n\n<figure class=\"wp-block-gallery columns-0 is-cropped\"><ul class=\"blocks-gallery-grid\"><\/ul><\/figure>\n","protected":false},"excerpt":{"rendered":"<p>El pasado viernes, d\u00eda 22 de noviembre, el alumnado del Colegio \u00abV\u00edrgen de Gracia\u00bb de C\u00e1rcar, sali\u00f3 al patio del cole para celebrar Santa Cecilia. Todos juntos, cantaron la canci\u00f3n \u00abOigo m\u00fasica\u00bb de M-Clan, alrededor de algunos instrumentos musicales.<\/p>\n","protected":false},"author":1,"featured_media":0,"comment_status":"open","ping_status":"open","sticky":false,"template":"","format":"standard","meta":{"_genesis_hide_title":false,"_genesis_hide_breadcrumbs":false,"_genesis_hide_singular_image":false,"_genesis_hide_footer_widgets":false,"_genesis_custom_body_class":"","_genesis_custom_post_class":"","_genesis_layout":""},"categories":[1],"tags":[],"_links":{"self":[{"href":"https:\/\/cpcarcar.educacion.navarra.es\/web\/wp-json\/wp\/v2\/posts\/513"}],"collection":[{"href":"https:\/\/cpcarcar.educacion.navarra.es\/web\/wp-json\/wp\/v2\/posts"}],"about":[{"href":"https:\/\/cpcarcar.educacion.navarra.es\/web\/wp-json\/wp\/v2\/types\/post"}],"author":[{"embeddable":true,"href":"https:\/\/cpcarcar.educacion.navarra.es\/web\/wp-json\/wp\/v2\/users\/1"}],"replies":[{"embeddable":true,"href":"https:\/\/cpcarcar.educacion.navarra.es\/web\/wp-json\/wp\/v2\/comments?post=513"}],"version-history":[{"count":1,"href":"https:\/\/cpcarcar.educacion.navarra.es\/web\/wp-json\/wp\/v2\/posts\/513\/revisions"}],"predecessor-version":[{"id":526,"href":"https:\/\/cpcarcar.educacion.navarra.es\/web\/wp-json\/wp\/v2\/posts\/513\/revisions\/526"}],"wp:attachment":[{"href":"https:\/\/cpcarcar.educacion.navarra.es\/web\/wp-json\/wp\/v2\/media?parent=513"}],"wp:term":[{"taxonomy":"category","embeddable":true,"href":"https:\/\/cpcarcar.educacion.navarra.es\/web\/wp-json\/wp\/v2\/categories?post=513"},{"taxonomy":"post_tag","embeddable":true,"href":"https:\/\/cpcarcar.educacion.navarra.es\/web\/wp-json\/wp\/v2\/tags?post=513"}],"curies":[{"name":"wp","href":"https:\/\/api.w.org\/{rel}","templated":true}]}}