{"id":121,"date":"2014-11-17T11:40:51","date_gmt":"2014-11-17T10:40:51","guid":{"rendered":"https:\/\/cpcarcar.educacion.navarra.es\/web\/blog\/2014\/11\/17\/material-comprado-con-la-recaudacion-del-mercadillo-solidario-2014\/"},"modified":"2014-11-17T11:40:51","modified_gmt":"2014-11-17T10:40:51","slug":"material-comprado-con-la-recaudacion-del-mercadillo-solidario-2014","status":"publish","type":"post","link":"https:\/\/cpcarcar.educacion.navarra.es\/web\/blog\/2014\/11\/17\/material-comprado-con-la-recaudacion-del-mercadillo-solidario-2014\/","title":{"rendered":"Material comprado con la recaudaci\u00f3n del mercadillo solidario 2014"},"content":{"rendered":"<p><img loading=\"lazy\" class=\" size-full wp-image-117\" style=\"display: block; margin-left: auto; margin-right: auto;\" src=\"https:\/\/cpcarcar.educacion.navarra.es\/web\/wp-content\/uploads\/2014\/11\/20141107_100036.jpg\" alt=\"20141107 100036\" width=\"500\" height=\"375\" srcset=\"https:\/\/cpcarcar.educacion.navarra.es\/web\/wp-content\/uploads\/2014\/11\/20141107_100036.jpg 1024w, https:\/\/cpcarcar.educacion.navarra.es\/web\/wp-content\/uploads\/2014\/11\/20141107_100036-300x225.jpg 300w, https:\/\/cpcarcar.educacion.navarra.es\/web\/wp-content\/uploads\/2014\/11\/20141107_100036-768x576.jpg 768w\" sizes=\"(max-width: 500px) 100vw, 500px\" \/><\/p>\n<p>Hace unos d\u00edas Isidro Rubio Insausti nos envi\u00f3 varias fotos para que vi\u00e9ramos los aparatos que han comprado en el Colegio Mar\u00eda Inmaculada, Tachicha (Venezuela) con la donaci\u00f3n que hizo el colegio con la recaudaci\u00f3n del mercadillo solidario del curso pasado. Nos alegramos de que nuestro esfuerzo haya sido para una causa como \u00e9sta.<\/p>\n<p>  <!--more-->  <\/p>\n<p>&nbsp;<\/p>\n<p><img loading=\"lazy\" class=\" size-full wp-image-118\" style=\"display: block; margin-left: auto; margin-right: auto;\" src=\"https:\/\/cpcarcar.educacion.navarra.es\/web\/wp-content\/uploads\/2014\/11\/20141107_100146.jpg\" alt=\"20141107 100146\" width=\"500\" height=\"375\" srcset=\"https:\/\/cpcarcar.educacion.navarra.es\/web\/wp-content\/uploads\/2014\/11\/20141107_100146.jpg 1024w, https:\/\/cpcarcar.educacion.navarra.es\/web\/wp-content\/uploads\/2014\/11\/20141107_100146-300x225.jpg 300w, https:\/\/cpcarcar.educacion.navarra.es\/web\/wp-content\/uploads\/2014\/11\/20141107_100146-768x576.jpg 768w\" sizes=\"(max-width: 500px) 100vw, 500px\" \/><\/p>\n<p><img loading=\"lazy\" class=\" size-full wp-image-119\" style=\"display: block; margin-left: auto; margin-right: auto;\" src=\"https:\/\/cpcarcar.educacion.navarra.es\/web\/wp-content\/uploads\/2014\/11\/20141107_100523.jpg\" alt=\"20141107 100523\" width=\"500\" height=\"375\" srcset=\"https:\/\/cpcarcar.educacion.navarra.es\/web\/wp-content\/uploads\/2014\/11\/20141107_100523.jpg 1024w, https:\/\/cpcarcar.educacion.navarra.es\/web\/wp-content\/uploads\/2014\/11\/20141107_100523-300x225.jpg 300w, https:\/\/cpcarcar.educacion.navarra.es\/web\/wp-content\/uploads\/2014\/11\/20141107_100523-768x576.jpg 768w\" sizes=\"(max-width: 500px) 100vw, 500px\" \/><\/p>\n<p style=\"text-align: center;\"><img loading=\"lazy\" class=\" size-full wp-image-120\" src=\"https:\/\/cpcarcar.educacion.navarra.es\/web\/wp-content\/uploads\/2014\/11\/20141107_102620.jpg\" alt=\"20141107 102620\" width=\"500\" height=\"375\" srcset=\"https:\/\/cpcarcar.educacion.navarra.es\/web\/wp-content\/uploads\/2014\/11\/20141107_102620.jpg 1024w, https:\/\/cpcarcar.educacion.navarra.es\/web\/wp-content\/uploads\/2014\/11\/20141107_102620-300x225.jpg 300w, https:\/\/cpcarcar.educacion.navarra.es\/web\/wp-content\/uploads\/2014\/11\/20141107_102620-768x576.jpg 768w\" sizes=\"(max-width: 500px) 100vw, 500px\" \/><\/p>\n","protected":false},"excerpt":{"rendered":"<p>Hace unos d\u00edas Isidro Rubio Insausti nos envi\u00f3 varias fotos para que vi\u00e9ramos los aparatos que han comprado en el Colegio Mar\u00eda Inmaculada, Tachicha (Venezuela) con la donaci\u00f3n que hizo el colegio con la recaudaci\u00f3n del mercadillo solidario del curso pasado. Nos alegramos de que nuestro esfuerzo haya sido para una causa como \u00e9sta.<\/p>\n","protected":false},"author":3,"featured_media":117,"comment_status":"open","ping_status":"open","sticky":false,"template":"","format":"standard","meta":{"_genesis_hide_title":false,"_genesis_hide_breadcrumbs":false,"_genesis_hide_singular_image":false,"_genesis_hide_footer_widgets":false,"_genesis_custom_body_class":"","_genesis_custom_post_class":"","_genesis_layout":""},"categories":[1],"tags":[],"_links":{"self":[{"href":"https:\/\/cpcarcar.educacion.navarra.es\/web\/wp-json\/wp\/v2\/posts\/121"}],"collection":[{"href":"https:\/\/cpcarcar.educacion.navarra.es\/web\/wp-json\/wp\/v2\/posts"}],"about":[{"href":"https:\/\/cpcarcar.educacion.navarra.es\/web\/wp-json\/wp\/v2\/types\/post"}],"author":[{"embeddable":true,"href":"https:\/\/cpcarcar.educacion.navarra.es\/web\/wp-json\/wp\/v2\/users\/3"}],"replies":[{"embeddable":true,"href":"https:\/\/cpcarcar.educacion.navarra.es\/web\/wp-json\/wp\/v2\/comments?post=121"}],"version-history":[{"count":0,"href":"https:\/\/cpcarcar.educacion.navarra.es\/web\/wp-json\/wp\/v2\/posts\/121\/revisions"}],"wp:featuredmedia":[{"embeddable":true,"href":"https:\/\/cpcarcar.educacion.navarra.es\/web\/wp-json\/wp\/v2\/media\/117"}],"wp:attachment":[{"href":"https:\/\/cpcarcar.educacion.navarra.es\/web\/wp-json\/wp\/v2\/media?parent=121"}],"wp:term":[{"taxonomy":"category","embeddable":true,"href":"https:\/\/cpcarcar.educacion.navarra.es\/web\/wp-json\/wp\/v2\/categories?post=121"},{"taxonomy":"post_tag","embeddable":true,"href":"https:\/\/cpcarcar.educacion.navarra.es\/web\/wp-json\/wp\/v2\/tags?post=121"}],"curies":[{"name":"wp","href":"https:\/\/api.w.org\/{rel}","templated":true}]}}