{"id":1182,"date":"2021-09-06T10:05:09","date_gmt":"2021-09-06T08:05:09","guid":{"rendered":"https:\/\/cpcarcar.educacion.navarra.es\/web\/?p=1182"},"modified":"2021-09-06T10:08:19","modified_gmt":"2021-09-06T08:08:19","slug":"inicio-del-curso-escolar-2021-2022","status":"publish","type":"post","link":"https:\/\/cpcarcar.educacion.navarra.es\/web\/blog\/2021\/09\/06\/inicio-del-curso-escolar-2021-2022\/","title":{"rendered":"INICIO DEL CURSO ESCOLAR 2021-2022"},"content":{"rendered":"\n<ul><li>Comienzo de las clases: <strong>8 de septiembre<\/strong>.<\/li><li>Horario: <strong>9:00 &#8211; 14:00. horas.<\/strong><\/li><li>La entrada al recinto escolar ser\u00e1 como el curso pasado:<ul><li>Educaci\u00f3n Infantil: <strong>puerta principal.<\/strong><\/li><li>Educaci\u00f3n Primaria: <strong>puerta grande, la de la verja.<\/strong><\/li><\/ul><\/li><\/ul>\n\n\n\n<p><\/p>\n","protected":false},"excerpt":{"rendered":"<p>Comienzo de las clases: 8 de septiembre. Horario: 9:00 &#8211; 14:00. horas. La entrada al recinto escolar ser\u00e1 como el curso pasado: Educaci\u00f3n Infantil: puerta principal. Educaci\u00f3n Primaria: puerta grande, la de la verja.<\/p>\n","protected":false},"author":1,"featured_media":0,"comment_status":"open","ping_status":"open","sticky":false,"template":"","format":"standard","meta":{"_genesis_hide_title":false,"_genesis_hide_breadcrumbs":false,"_genesis_hide_singular_image":false,"_genesis_hide_footer_widgets":false,"_genesis_custom_body_class":"","_genesis_custom_post_class":"","_genesis_layout":""},"categories":[1],"tags":[],"_links":{"self":[{"href":"https:\/\/cpcarcar.educacion.navarra.es\/web\/wp-json\/wp\/v2\/posts\/1182"}],"collection":[{"href":"https:\/\/cpcarcar.educacion.navarra.es\/web\/wp-json\/wp\/v2\/posts"}],"about":[{"href":"https:\/\/cpcarcar.educacion.navarra.es\/web\/wp-json\/wp\/v2\/types\/post"}],"author":[{"embeddable":true,"href":"https:\/\/cpcarcar.educacion.navarra.es\/web\/wp-json\/wp\/v2\/users\/1"}],"replies":[{"embeddable":true,"href":"https:\/\/cpcarcar.educacion.navarra.es\/web\/wp-json\/wp\/v2\/comments?post=1182"}],"version-history":[{"count":3,"href":"https:\/\/cpcarcar.educacion.navarra.es\/web\/wp-json\/wp\/v2\/posts\/1182\/revisions"}],"predecessor-version":[{"id":1185,"href":"https:\/\/cpcarcar.educacion.navarra.es\/web\/wp-json\/wp\/v2\/posts\/1182\/revisions\/1185"}],"wp:attachment":[{"href":"https:\/\/cpcarcar.educacion.navarra.es\/web\/wp-json\/wp\/v2\/media?parent=1182"}],"wp:term":[{"taxonomy":"category","embeddable":true,"href":"https:\/\/cpcarcar.educacion.navarra.es\/web\/wp-json\/wp\/v2\/categories?post=1182"},{"taxonomy":"post_tag","embeddable":true,"href":"https:\/\/cpcarcar.educacion.navarra.es\/web\/wp-json\/wp\/v2\/tags?post=1182"}],"curies":[{"name":"wp","href":"https:\/\/api.w.org\/{rel}","templated":true}]}}